{"@context":"https:\/\/schema.org\/","@type":"CollectionPage","@id":"https:\/\/www.sakwa.cz\/deti\/#CollectionPage","headline":"D\u011bti Category","description":"","url":"https:\/\/www.sakwa.cz\/deti\/","hasPart":[{"@type":"Article","@id":"https:\/\/www.sakwa.cz\/ma-byt-dite-stredobodem-vaseho-sveta\/","headline":"M\u00e1 b\u00fdt d\u00edt\u011b st\u0159edobodem va\u0161eho sv\u011bta?","url":"https:\/\/www.sakwa.cz\/ma-byt-dite-stredobodem-vaseho-sveta\/","datePublished":"2025-03-04","dateModified":"2023-04-29","mainEntityOfPage":"https:\/\/www.sakwa.cz\/ma-byt-dite-stredobodem-vaseho-sveta\/","author":{"@type":"Person","@id":"https:\/\/www.sakwa.cz\/author\/#Person","name":"sakwa.cz\n","url":"https:\/\/www.sakwa.cz\/author\/","identifier":1,"image":{"@type":"ImageObject","@id":"https:\/\/secure.gravatar.com\/avatar\/b653a05acc9928bc50547a0b6ed51698115bbf59840455a4bc9d337f928ec9d6?s=96&d=mm&r=g","url":"https:\/\/secure.gravatar.com\/avatar\/b653a05acc9928bc50547a0b6ed51698115bbf59840455a4bc9d337f928ec9d6?s=96&d=mm&r=g","height":96,"width":96}},"publisher":{"@type":"Organization","name":"sakwa.cz","logo":{"@type":"ImageObject","@id":"\/logo.png","url":"\/logo.png","width":600,"height":60}},"image":{"@type":"ImageObject","@id":"https:\/\/www.sakwa.cz\/wp-content\/uploads\/img_a306096_w2097_t1517336071.jpg","url":"https:\/\/www.sakwa.cz\/wp-content\/uploads\/img_a306096_w2097_t1517336071.jpg","height":0,"width":0},"keywords":null},{"@type":"Article","@id":"https:\/\/www.sakwa.cz\/je-vase-dite-dostatecne-samostatne-co-vse-obnasi-predskolni-vzdelavani\/","headline":"Je Va\u0161e d\u00edt\u011b dostate\u010dn\u011b samostatn\u00e9? Co v\u0161e obn\u00e1\u0161\u00ed p\u0159ed\u0161koln\u00ed vzd\u011bl\u00e1v\u00e1n\u00ed?","url":"https:\/\/www.sakwa.cz\/je-vase-dite-dostatecne-samostatne-co-vse-obnasi-predskolni-vzdelavani\/","datePublished":"2025-03-01","dateModified":"2023-04-29","mainEntityOfPage":"https:\/\/www.sakwa.cz\/je-vase-dite-dostatecne-samostatne-co-vse-obnasi-predskolni-vzdelavani\/","author":{"@type":"Person","@id":"https:\/\/www.sakwa.cz\/author\/#Person","name":"sakwa.cz\n","url":"https:\/\/www.sakwa.cz\/author\/","identifier":1,"image":{"@type":"ImageObject","@id":"https:\/\/secure.gravatar.com\/avatar\/b653a05acc9928bc50547a0b6ed51698115bbf59840455a4bc9d337f928ec9d6?s=96&d=mm&r=g","url":"https:\/\/secure.gravatar.com\/avatar\/b653a05acc9928bc50547a0b6ed51698115bbf59840455a4bc9d337f928ec9d6?s=96&d=mm&r=g","height":96,"width":96}},"publisher":{"@type":"Organization","name":"sakwa.cz","logo":{"@type":"ImageObject","@id":"\/logo.png","url":"\/logo.png","width":600,"height":60}},"image":{"@type":"ImageObject","@id":"https:\/\/www.sakwa.cz\/wp-content\/uploads\/img_a288444_w2097_t1498770088.jpg","url":"https:\/\/www.sakwa.cz\/wp-content\/uploads\/img_a288444_w2097_t1498770088.jpg","height":0,"width":0},"keywords":null},{"@type":"Article","@id":"https:\/\/www.sakwa.cz\/dite-v-aute\/","headline":"D\u00edt\u011b v aut\u011b","url":"https:\/\/www.sakwa.cz\/dite-v-aute\/","datePublished":"2023-04-29","dateModified":"2023-04-29","mainEntityOfPage":"https:\/\/www.sakwa.cz\/dite-v-aute\/","author":{"@type":"Person","@id":"https:\/\/www.sakwa.cz\/author\/#Person","name":"sakwa.cz\n","url":"https:\/\/www.sakwa.cz\/author\/","identifier":1,"image":{"@type":"ImageObject","@id":"https:\/\/secure.gravatar.com\/avatar\/b653a05acc9928bc50547a0b6ed51698115bbf59840455a4bc9d337f928ec9d6?s=96&d=mm&r=g","url":"https:\/\/secure.gravatar.com\/avatar\/b653a05acc9928bc50547a0b6ed51698115bbf59840455a4bc9d337f928ec9d6?s=96&d=mm&r=g","height":96,"width":96}},"publisher":{"@type":"Organization","name":"sakwa.cz","logo":{"@type":"ImageObject","@id":"\/logo.png","url":"\/logo.png","width":600,"height":60}},"image":null,"keywords":null}]}