[{"@context":"https:\/\/schema.org\/","@type":"Article","@id":"https:\/\/www.sakwa.cz\/dreveny-nabytek-z-masivu\/#Article","mainEntityOfPage":"https:\/\/www.sakwa.cz\/dreveny-nabytek-z-masivu\/","headline":"D\u0159ev\u011bn\u00fd n\u00e1bytek z masivu","name":"D\u0159ev\u011bn\u00fd n\u00e1bytek z masivu","description":"D\u0159evo bylo spolu s ostatn\u00edmi https:\/\/www.femina.cz\/barvy-a-psychika\/ p\u0159\u00edrodn\u00edmi materi\u00e1ly z\u00e1kladn\u00edm materi\u00e1lem pro v\u00fdrobu za\u0159\u00edzen\u00ed pro na\u0161e domovy od doby, kdy si \u010dlov\u011bk uv\u011bdomil, co v\u0161echno m\u016f\u017ee dok\u00e1zat vyrobit. P\u0159i za\u0159izov\u00e1n\u00ed dom\u00e1cnosti se v\u0161ichni intenzivn\u011b zab\u00fdv\u00e1me hlavn\u011b materi\u00e1ly, ze kter\u00fdch bude vybaven\u00ed dom\u00e1cnosti a v p\u0159\u00edpad\u011b d\u0159eva mus\u00edme tento stalet\u00edmi osv\u011bd\u010den\u00fd materi\u00e1l vyzdvihnout pro jeho naprosto nep\u0159ekonateln\u00e9 [&hellip;]","datePublished":"2020-01-04","dateModified":"2024-07-03","author":{"@type":"Person","@id":"https:\/\/www.sakwa.cz\/author\/#Person","name":"sakwa.cz\n","url":"https:\/\/www.sakwa.cz\/author\/","identifier":1,"image":{"@type":"ImageObject","@id":"https:\/\/secure.gravatar.com\/avatar\/b653a05acc9928bc50547a0b6ed51698115bbf59840455a4bc9d337f928ec9d6?s=96&d=mm&r=g","url":"https:\/\/secure.gravatar.com\/avatar\/b653a05acc9928bc50547a0b6ed51698115bbf59840455a4bc9d337f928ec9d6?s=96&d=mm&r=g","height":96,"width":96}},"publisher":{"@type":"Organization","name":"sakwa.cz","logo":{"@type":"ImageObject","@id":"\/logo.png","url":"\/logo.png","width":600,"height":60}},"image":{"@type":"ImageObject","@id":"https:\/\/www.sakwa.cz\/wp-content\/uploads\/img_a374677_w2097_t1586349913.jpg","url":"https:\/\/www.sakwa.cz\/wp-content\/uploads\/img_a374677_w2097_t1586349913.jpg","height":0,"width":0},"url":"https:\/\/www.sakwa.cz\/dreveny-nabytek-z-masivu\/","about":["Bydlen\u00ed"],"wordCount":433,"articleBody":"      D\u0159evo bylo spolu s ostatn\u00edmi  https:\/\/www.femina.cz\/barvy-a-psychika\/ p\u0159\u00edrodn\u00edmi materi\u00e1ly z\u00e1kladn\u00edm materi\u00e1lem pro v\u00fdrobu za\u0159\u00edzen\u00ed pro na\u0161e domovy od doby, kdy si \u010dlov\u011bk uv\u011bdomil, co v\u0161echno m\u016f\u017ee dok\u00e1zat vyrobit.  P\u0159i za\u0159izov\u00e1n\u00ed dom\u00e1cnosti se v\u0161ichni intenzivn\u011b zab\u00fdv\u00e1me hlavn\u011b materi\u00e1ly, ze kter\u00fdch bude vybaven\u00ed dom\u00e1cnosti a v p\u0159\u00edpad\u011b d\u0159eva  mus\u00edme tento stalet\u00edmi osv\u011bd\u010den\u00fd materi\u00e1l vyzdvihnout pro jeho naprosto nep\u0159ekonateln\u00e9 vlastnosti, kter\u00e9 z n\u011bj d\u011blaj\u00ed v n\u00e1bytk\u00e1\u0159stv\u00ed surovinu \u010d.1. Jde hlavn\u011b o d\u0159evo borovice a smrku. A pro\u010d po\u0159izovat d\u0159ev\u011bn\u00fd n\u00e1bytek z masivu? \u2022 D\u0159evo je dostupn\u00fdm materi\u00e1lem, a to se odr\u00e1\u017e\u00ed i v jeho cen\u011b. \u2022 Dob\u0159e se opracov\u00e1v\u00e1 ru\u010dn\u011b i strojov\u011b. \u2022 Velice dob\u0159e p\u016fsob\u00ed na dotek. Nen\u00ed studen\u00fd a povrch se d\u00e1 kr\u00e1sn\u011b vyhladit a tvarovat. \u2022 Dob\u0159e se kombinuje s jin\u00fdm druhem d\u0159eva i s jin\u00fdmi materi\u00e1ly. \u2022 Je to velice trvanliv\u00fd materi\u00e1l. \u2022 Dlouhodob\u011b si zachov\u00e1v\u00e1 si sv\u016fj tvar a barvu. \u2022 D\u00edky savosti se dob\u0159e chr\u00e1n\u00ed n\u00e1t\u011brem nebo post\u0159ikem proti vliv\u016fm prost\u0159ed\u00ed a dob\u0159e se nat\u00edr\u00e1 zdravotn\u011b nez\u00e1vadn\u00fdmi barvami nebo olejem. \u2022 D\u0159ev\u011bn\u00fd n\u00e1bytek je velice stabiln\u00ed a odoln\u00fd proti mechanick\u00e9mu po\u0161kozen\u00ed. \u2022 N\u00e1bytek ze d\u0159eva nebude nikdy nemodern\u00ed. \u2022 D\u0159evo m\u00e1 d\u00edky snadn\u00e9mu zp\u016fsobu opracov\u00e1n\u00ed t\u00e9m\u011b\u0159 neomezen\u00e9 mo\u017enosti vyu\u017eit\u00ed a m\u016f\u017eeme s n\u00edm za\u0159\u00eddit celou dom\u00e1cnost. \u2022 D\u00edky tradici si i dnes ze d\u0159eva m\u016f\u017eeme nechat vyrobit kopii origin\u00e1ln\u00edho staro\u017eitn\u00e9ho n\u00e1bytku. \u2022 Poni\u010den\u00e9 a po\u0161kozen\u00e9 \u010d\u00e1sti n\u00e1bytku jdou dob\u0159e opravit. \u2022 M\u00e1 univerz\u00e1ln\u00ed pou\u017eit\u00ed. Hod\u00ed se do venkovsk\u00e9 chalupy i do modern\u00edho bytu v mrakodrapu, do kancel\u00e1\u0159\u00ed, k vybaven\u00ed restaurac\u00ed nebo pro chr\u00e1n\u011bn\u00e9 venkovn\u00ed posezen\u00ed.  D\u0159ev\u011bn\u00fd n\u00e1bytek z masivu m\u00e1 sv\u00e9 obdivovatele a u\u017eivatele po cel\u00e9m sv\u011bt\u011b a \u010dasto se d\u011bd\u00ed z generace na generaci a p\u0159i slu\u0161n\u00e9m zach\u00e1zen\u00ed dok\u00e1\u017ee b\u00fdt dlouh\u00e9 roky v dobr\u00e9m stavu. S dom\u00e1cnost\u00ed, kterou si za\u0159\u00edd\u00edte d\u0159ev\u011bn\u00fdm n\u00e1bytkem z masivu, nem\u016f\u017eete \u0161l\u00e1pnout vedle. V\u017edy budete m\u00edt modern\u00ed a vkusn\u00e9 bydlen\u00ed, a to v\u0161e bez v\u011bt\u0161\u00edch finan\u010dn\u00edch n\u00e1klad\u016f.                                                                                                                                                                                                                                                                                                                                                                                                   "},{"@context":"https:\/\/schema.org\/","@type":"BreadcrumbList","itemListElement":[{"@type":"ListItem","position":1,"name":"D\u0159ev\u011bn\u00fd n\u00e1bytek z masivu","item":"https:\/\/www.sakwa.cz\/dreveny-nabytek-z-masivu\/#breadcrumbitem"}]}]