[{"@context":"https:\/\/schema.org\/","@type":"Article","@id":"https:\/\/www.sakwa.cz\/interier-ve-kterem-zijeme\/#Article","mainEntityOfPage":"https:\/\/www.sakwa.cz\/interier-ve-kterem-zijeme\/","headline":"Interi\u00e9r, ve kter\u00e9m \u017eijeme","name":"Interi\u00e9r, ve kter\u00e9m \u017eijeme","description":"Osobnost majitele \u010di jeho \u017eivotn\u00ed zam\u011b\u0159en\u00ed se d\u00e1 vystopovat hned p\u0159i vstupu do jeho domova. U\u017e v p\u0159eds\u00edni pozn\u00e1te, jestli jste na n\u00e1v\u0161t\u011bv\u011b u technicky zam\u011b\u0159en\u00e9ho kutila \u010di v\u00fdtvarn\u011b nadan\u00e9ho majitele. Jsou to drobn\u00e9 sign\u00e1ly, jako je um\u00edst\u011bn\u00ed v\u011b\u0161\u00e1k\u016f a polic \u010di rozv\u011bsen\u00e9 obr\u00e1zky po st\u011bn\u00e1ch. Ob\u00fdvac\u00ed pokoj v\u00e1m prvn\u00ed odhad jenom potvrd\u00ed. Nejen zvolenou [&hellip;]","datePublished":"2025-02-28","dateModified":"2023-04-29","author":{"@type":"Person","@id":"https:\/\/www.sakwa.cz\/author\/#Person","name":"sakwa.cz\n","url":"https:\/\/www.sakwa.cz\/author\/","identifier":1,"image":{"@type":"ImageObject","@id":"https:\/\/secure.gravatar.com\/avatar\/b653a05acc9928bc50547a0b6ed51698115bbf59840455a4bc9d337f928ec9d6?s=96&d=mm&r=g","url":"https:\/\/secure.gravatar.com\/avatar\/b653a05acc9928bc50547a0b6ed51698115bbf59840455a4bc9d337f928ec9d6?s=96&d=mm&r=g","height":96,"width":96}},"publisher":{"@type":"Organization","name":"sakwa.cz","logo":{"@type":"ImageObject","@id":"\/logo.png","url":"\/logo.png","width":600,"height":60}},"image":{"@type":"ImageObject","@id":"https:\/\/www.sakwa.cz\/wp-content\/uploads\/img_a303221_w2097_t1513462148.jpg","url":"https:\/\/www.sakwa.cz\/wp-content\/uploads\/img_a303221_w2097_t1513462148.jpg","height":0,"width":0},"url":"https:\/\/www.sakwa.cz\/interier-ve-kterem-zijeme\/","about":["Bydlen\u00ed"],"wordCount":311,"articleBody":" Osobnost majitele \u010di jeho \u017eivotn\u00ed zam\u011b\u0159en\u00ed se d\u00e1 vystopovat hned p\u0159i vstupu do jeho domova. U\u017e v p\u0159eds\u00edni pozn\u00e1te, jestli jste na n\u00e1v\u0161t\u011bv\u011b u technicky zam\u011b\u0159en\u00e9ho kutila \u010di v\u00fdtvarn\u011b nadan\u00e9ho majitele. Jsou to drobn\u00e9 sign\u00e1ly, jako je um\u00edst\u011bn\u00ed v\u011b\u0161\u00e1k\u016f a polic \u010di rozv\u011bsen\u00e9 obr\u00e1zky po st\u011bn\u00e1ch. Ob\u00fdvac\u00ed pokoj v\u00e1m prvn\u00ed odhad jenom potvrd\u00ed. Nejen zvolenou barevnost\u00ed, ale i celkov\u00fdm vybaven\u00ed a jeho dopl\u0148ky. Ka\u017ed\u00fd majitel vdechne prostoru neopakovateln\u00e9 kouzlo domova, kter\u00e9 zrcadl\u00ed jeho osobnost. V interi\u00e9ru v\u00e1\u0161niv\u00e9ho fotografa to bude mno\u017estv\u00ed zar\u00e1movan\u00fdch fotografi\u00ed. Obzvl\u00e1\u0161t\u011b poveden\u00e9 z\u00e1b\u011bry budou pou\u017eity i na u\u017eitn\u00fdch v\u011bcech cel\u00e9 rodiny. Sv\u00fdmi kresbami, akvarely \u010di olejomalbami zkr\u00e1\u0161l\u00ed domov nejeden mal\u00ed\u0159 amat\u00e9r. Ten si troufne i na osobitou v\u00fdmalbu st\u011bn pokoj\u016f a dod\u00e1 jim tak originalitu. Keramik si zase nejv\u00edce u\u017eije p\u0159i vybavov\u00e1n\u00ed kuchyn\u011b. Na hrn\u010d\u00ed\u0159sk\u00e9m kruhu vyto\u010d\u00ed nejen sady keramick\u00fdch tal\u00ed\u0159\u016f, m\u00eds a hrn\u00ed\u010dk\u016f pro celou rodinu. Ale ti zdatn\u011bj\u0161\u00ed si troufnou i na dal\u0161\u00ed dopl\u0148ky, kter\u00e9 tvo\u0159\u00ed domov domovem. Keramick\u00e9 sv\u00edcny, hodiny, cuk\u0159enky, v\u00e1zy, kv\u011btin\u00e1\u010de, so\u0161ky&#8230; Pokud jsou vyrobeny s l\u00e1skou, vyza\u0159uje to z nich i po letech.Na pomoc technicky zdatn\u00fdm,kte\u0159\u00ed sv\u016fj domov dokonale za\u0159\u00edd\u00ed v\u0161\u00edm pot\u0159ebn\u00fdm a praktick\u00fdm, vy\u0161el zaj\u00edmav\u00fd \u010dl\u00e1nek . V n\u011bm se do\u010dtou, jak je mo\u017eno sv\u016fj domov dotvo\u0159it ru\u010dn\u011b tkan\u00fdmi gobel\u00edny. Sta\u010d\u00ed si jenom vybrat p\u0159edlohu a zvolit barevnost. A nechat si tapiserii vyrobit p\u0159\u00edmo na m\u00edru. S takovou dekorac\u00ed se mohou c\u00edtit jako na z\u00e1mku.                                                                                                                                                                                                                                                                                                                                                                                                 "},{"@context":"https:\/\/schema.org\/","@type":"BreadcrumbList","itemListElement":[{"@type":"ListItem","position":1,"name":"Interi\u00e9r, ve kter\u00e9m \u017eijeme","item":"https:\/\/www.sakwa.cz\/interier-ve-kterem-zijeme\/#breadcrumbitem"}]}]