[{"@context":"https:\/\/schema.org\/","@type":"Article","@id":"https:\/\/www.sakwa.cz\/mejte-pro-sebe-na-vyber\/#Article","mainEntityOfPage":"https:\/\/www.sakwa.cz\/mejte-pro-sebe-na-vyber\/","headline":"M\u011bjte pro sebe na v\u00fdb\u011br","name":"M\u011bjte pro sebe na v\u00fdb\u011br","description":"Na mnoha r\u016fzn\u00fdch m\u00edstech na internetu nebo v m\u00e9di\u00edch se dnes do\u010dtete, \u017ee ka\u017ed\u00e1 \u017eena je kr\u00e1sn\u00e1. Na\u0161t\u011bst\u00ed u\u017e nev\u00edt\u011bz\u00ed takov\u00e1 ta ide\u00e1ln\u00ed kr\u00e1sa z devades\u00e1t\u00fdch let, kter\u00e1 znamenala m\u00edry 90-60-90 a p\u0159es to nejel vlak. Dnes to m\u016f\u017ee slu\u0161et ka\u017ed\u00e9 \u017een\u011b, v ka\u017ed\u00e9m v\u011bku a v ka\u017ed\u00e9 velikosti. Poznala jste u\u017e sama na sob\u011b [&hellip;]","datePublished":"2023-01-21","dateModified":"2023-04-29","author":{"@type":"Person","@id":"https:\/\/www.sakwa.cz\/author\/#Person","name":"sakwa.cz\n","url":"https:\/\/www.sakwa.cz\/author\/","identifier":1,"image":{"@type":"ImageObject","@id":"https:\/\/secure.gravatar.com\/avatar\/b653a05acc9928bc50547a0b6ed51698115bbf59840455a4bc9d337f928ec9d6?s=96&d=mm&r=g","url":"https:\/\/secure.gravatar.com\/avatar\/b653a05acc9928bc50547a0b6ed51698115bbf59840455a4bc9d337f928ec9d6?s=96&d=mm&r=g","height":96,"width":96}},"publisher":{"@type":"Organization","name":"sakwa.cz","logo":{"@type":"ImageObject","@id":"\/logo.png","url":"\/logo.png","width":600,"height":60}},"image":{"@type":"ImageObject","@id":"https:\/\/www.sakwa.cz\/wp-content\/uploads\/saty_10_1.jpg","url":"https:\/\/www.sakwa.cz\/wp-content\/uploads\/saty_10_1.jpg","height":0,"width":0},"url":"https:\/\/www.sakwa.cz\/mejte-pro-sebe-na-vyber\/","about":["Zbo\u017e\u00ed"],"wordCount":492,"articleBody":"         Na mnoha r\u016fzn\u00fdch m\u00edstech na internetu nebo v m\u00e9di\u00edch se dnes do\u010dtete, \u017ee ka\u017ed\u00e1 \u017eena je kr\u00e1sn\u00e1. Na\u0161t\u011bst\u00ed u\u017e nev\u00edt\u011bz\u00ed takov\u00e1 ta ide\u00e1ln\u00ed kr\u00e1sa z devades\u00e1t\u00fdch let, kter\u00e1 znamenala m\u00edry 90-60-90 a p\u0159es to nejel vlak. Dnes to m\u016f\u017ee slu\u0161et ka\u017ed\u00e9 \u017een\u011b, v ka\u017ed\u00e9m v\u011bku a v ka\u017ed\u00e9 velikosti. Poznala jste u\u017e sama na sob\u011b tak\u00e9 to, \u017ee kdy\u017e je v\u00e1m oble\u010den\u00ed pohodln\u00e9, \u017ee si lid\u00e9 toho v\u0161\u00edmaj\u00ed a \u0159\u00edkaj\u00ed v\u00e1m, \u017ee v\u00e1m to moc slu\u0161\u00ed? Zapeklitost cel\u00e9 situace je opravdu v tom, jak se v dan\u00e9m oble\u010den\u00ed c\u00edt\u00edme. Pokud je n\u00e1m p\u0159\u00edjemn\u00fd materi\u00e1l i st\u0159ih, vyhr\u00e1li jsme tento boj! Ka\u017ed\u00fd \u010dlov\u011bk m\u00e1 nav\u00edc jin\u00e9 preference, co se mu na jeho t\u011ble nel\u00edb\u00ed, chce zakr\u00fdt a naopak. Proto je t\u0159eba opravdu volit spr\u00e1vn\u00fd st\u0159ih. \u017deny, kter\u00e9 nemaj\u00ed r\u00e1dy svoje stehna, r\u00e1dy s\u00e1hnou po kousku, kter\u00fd je dok\u00e1\u017ee zakr\u00fdt. Tak\u017ee a\u0165 u\u017e to bude sukn\u011b nebo \u0161aty, budou vyhled\u00e1vat d\u00e9lku pod kolena. N\u011bkter\u00e9 si zase nedok\u00e1\u017e\u00ed p\u0159edstavit, \u017ee by vy\u0161ly z domu jenom v \u0161atech na ram\u00ednka nebo bez ruk\u00e1v\u016f. Maj\u00ed siln\u011bj\u0161\u00ed pa\u017ee, tak\u017ee r\u00e1dy si je zakryj\u00ed hezky volen\u00fdm ruk\u00e1vkem. A n\u011bkdo m\u00e1 zase r\u00e1d, kdy\u017e m\u00e1 takov\u00fd kousek oble\u010den\u00ed t\u0159eba a\u017e na zem a m\u016f\u017ee si v nich p\u0159ipadat pat\u0159i\u010dn\u011b jako princezna. Pokud mezi takov\u00e9 pat\u0159\u00edte, rozhodn\u011b p\u0159inesou radost do va\u0161\u00ed du\u0161e i \u0161atn\u00edku maxi \u0161aty letn\u00ed z butiku La Silueta, kter\u00e9 si m\u016f\u017eete objednat p\u0159es jejich internetov\u00e9 str\u00e1nky. A nejenom na l\u00e9to, ale i na zimu nebo p\u0159echodov\u00e9 obdob\u00ed, kdy\u017e p\u0159es n\u011b t\u0159eba jenom p\u0159ehod\u00edte d\u017e\u00ednovou bundu nebo k\u0159iv\u00e1k a p\u016fjdete na ve\u010d\u00edrek nebo na proch\u00e1zku, to v\u0161echno najdete pr\u00e1v\u011b zde. R\u016fzn\u00e9 vzory, r\u016fzn\u00e1 pestrobarevnost, kvalitn\u00ed l\u00e1tky. I ta nejn\u00e1ro\u010dn\u011bj\u0161\u00ed z\u00e1kaznice si najde to svoje. Dokonce i koktejlov\u00e9 \u010di spole\u010densk\u00e9 \u0161aty najdete v jejich reperto\u00e1ru. Po\u0159\u00eddit si m\u016f\u017eete rovnou n\u011bkolik kousk\u016f, uvid\u00edte, \u017ee nebudete litovat, proto\u017ee budete m\u00edt ve sv\u00e9m \u0161atn\u00edku nad\u010dasov\u00e9 kousky, kter\u00e9 jen tak z m\u00f3dy nevyjdou, a nav\u00edc se budou moci d\u00e1t kombinovat do sportovn\u00edho stylu nebo do elegantn\u00edho, akor\u00e1t vym\u011bn\u00edte obut\u00ed a dopl\u0148ky a r\u00e1zem je hotovo. I tento styl obl\u00e9k\u00e1n\u00ed je udr\u017eiteln\u011bj\u0161\u00edm stylem, proto\u017ee takov\u00e9 kousky oble\u010den\u00ed rozhodn\u011b po jedn\u00e9 sezon\u011b nepolet\u00ed do ko\u0161e, ale vydr\u017e\u00ed v\u00e1m p\u011bknou \u0159\u00e1dku let.                                                                                                                                                                                                                                                                                                                                                                                                   "},{"@context":"https:\/\/schema.org\/","@type":"BreadcrumbList","itemListElement":[{"@type":"ListItem","position":1,"name":"M\u011bjte pro sebe na v\u00fdb\u011br","item":"https:\/\/www.sakwa.cz\/mejte-pro-sebe-na-vyber\/#breadcrumbitem"}]}]